[{"@context":"https:\/\/schema.org\/","@type":"Blog","@id":"https:\/\/www.ismc.sk#Blog","headline":"Ismc","description":"\nUpevnite vz\u0165ahy so svojimi aktu\u00e1lnymi aj bud\u00facimi z\u00e1kazn\u00edkmi. PR \u010dl\u00e1nky v na\u0161om modernom internetovom magaz\u00edne, v\u00e1m k tomu v\u00fdrazne dopom\u00f4\u017eu.","url":"https:\/\/www.ismc.sk","hasPart":[{"@type":"Article","@id":"https:\/\/www.ismc.sk\/profesionalna-cistota-pod-tatrami\/","headline":"Profesion\u00e1lna \u010distota pod Tatrami","url":"https:\/\/www.ismc.sk\/profesionalna-cistota-pod-tatrami\/","datePublished":"2026-01-07","dateModified":"2026-01-07","mainEntityOfPage":"https:\/\/www.ismc.sk\/profesionalna-cistota-pod-tatrami\/","author":{"@type":"Person","@id":"https:\/\/www.ismc.sk\/author\/#Person","name":"","url":"https:\/\/www.ismc.sk\/author\/","identifier":1,"image":{"@type":"ImageObject","@id":"https:\/\/secure.gravatar.com\/avatar\/40308b9402d145b1dc164f447b6506e9dadca8c8362c3ffb52df95e789c0fd10?s=96&d=mm&r=g","url":"https:\/\/secure.gravatar.com\/avatar\/40308b9402d145b1dc164f447b6506e9dadca8c8362c3ffb52df95e789c0fd10?s=96&d=mm&r=g","height":96,"width":96}},"publisher":{"@type":"Organization","name":"ismc.sk","logo":{"@type":"ImageObject","@id":"\/logo.png","url":"\/logo.png","width":600,"height":60}},"image":{"@type":"ImageObject","@id":"https:\/\/www.ismc.sk\/wp-content\/uploads\/upratovanie_9.jpg","url":"https:\/\/www.ismc.sk\/wp-content\/uploads\/upratovanie_9.jpg","height":0,"width":0},"wordCount":511,"keywords":null},{"@type":"Article","@id":"https:\/\/www.ismc.sk\/bulharsko-vcera-a-dnes\/","headline":"Bulharsko v\u010dera a dnes","url":"https:\/\/www.ismc.sk\/bulharsko-vcera-a-dnes\/","datePublished":"2025-03-03","dateModified":"2025-03-03","mainEntityOfPage":"https:\/\/www.ismc.sk\/bulharsko-vcera-a-dnes\/","author":{"@type":"Person","@id":"https:\/\/www.ismc.sk\/author\/#Person","name":"","url":"https:\/\/www.ismc.sk\/author\/","identifier":1,"image":{"@type":"ImageObject","@id":"https:\/\/secure.gravatar.com\/avatar\/40308b9402d145b1dc164f447b6506e9dadca8c8362c3ffb52df95e789c0fd10?s=96&d=mm&r=g","url":"https:\/\/secure.gravatar.com\/avatar\/40308b9402d145b1dc164f447b6506e9dadca8c8362c3ffb52df95e789c0fd10?s=96&d=mm&r=g","height":96,"width":96}},"publisher":{"@type":"Organization","name":"ismc.sk","logo":{"@type":"ImageObject","@id":"\/logo.png","url":"\/logo.png","width":600,"height":60}},"image":{"@type":"ImageObject","@id":"https:\/\/www.ismc.sk\/wp-content\/uploads\/img_a291538_w16606_t1538133193.jpg","url":"https:\/\/www.ismc.sk\/wp-content\/uploads\/img_a291538_w16606_t1538133193.jpg","height":0,"width":0},"wordCount":488,"keywords":null},{"@type":"Article","@id":"https:\/\/www.ismc.sk\/ikea-ci-pepsi-uchadzacov-o-pracu-triedi-robot\/","headline":"Ikea \u010di Pepsi, uch\u00e1dza\u010dov o pr\u00e1cu triedi robot","url":"https:\/\/www.ismc.sk\/ikea-ci-pepsi-uchadzacov-o-pracu-triedi-robot\/","datePublished":"2025-03-01","dateModified":"2025-03-01","mainEntityOfPage":"https:\/\/www.ismc.sk\/ikea-ci-pepsi-uchadzacov-o-pracu-triedi-robot\/","author":{"@type":"Person","@id":"https:\/\/www.ismc.sk\/author\/#Person","name":"","url":"https:\/\/www.ismc.sk\/author\/","identifier":1,"image":{"@type":"ImageObject","@id":"https:\/\/secure.gravatar.com\/avatar\/40308b9402d145b1dc164f447b6506e9dadca8c8362c3ffb52df95e789c0fd10?s=96&d=mm&r=g","url":"https:\/\/secure.gravatar.com\/avatar\/40308b9402d145b1dc164f447b6506e9dadca8c8362c3ffb52df95e789c0fd10?s=96&d=mm&r=g","height":96,"width":96}},"publisher":{"@type":"Organization","name":"ismc.sk","logo":{"@type":"ImageObject","@id":"\/logo.png","url":"\/logo.png","width":600,"height":60}},"image":{"@type":"ImageObject","@id":"https:\/\/www.ismc.sk\/wp-content\/uploads\/img_a286695_w16561_t1523460159.jpg","url":"https:\/\/www.ismc.sk\/wp-content\/uploads\/img_a286695_w16561_t1523460159.jpg","height":0,"width":0},"wordCount":481,"keywords":null},{"@type":"Article","@id":"https:\/\/www.ismc.sk\/obcanmi-ovladana-ekonomika\/","headline":"Ob\u010danmi ovl\u00e1dan\u00e1 ekonomika","url":"https:\/\/www.ismc.sk\/obcanmi-ovladana-ekonomika\/","datePublished":"2025-03-01","dateModified":"2025-03-01","mainEntityOfPage":"https:\/\/www.ismc.sk\/obcanmi-ovladana-ekonomika\/","author":{"@type":"Person","@id":"https:\/\/www.ismc.sk\/author\/#Person","name":"","url":"https:\/\/www.ismc.sk\/author\/","identifier":1,"image":{"@type":"ImageObject","@id":"https:\/\/secure.gravatar.com\/avatar\/40308b9402d145b1dc164f447b6506e9dadca8c8362c3ffb52df95e789c0fd10?s=96&d=mm&r=g","url":"https:\/\/secure.gravatar.com\/avatar\/40308b9402d145b1dc164f447b6506e9dadca8c8362c3ffb52df95e789c0fd10?s=96&d=mm&r=g","height":96,"width":96}},"publisher":{"@type":"Organization","name":"ismc.sk","logo":{"@type":"ImageObject","@id":"\/logo.png","url":"\/logo.png","width":600,"height":60}},"image":{"@type":"ImageObject","@id":"https:\/\/www.ismc.sk\/wp-content\/uploads\/img_a280919_w2033_t1496931244.jpg","url":"https:\/\/www.ismc.sk\/wp-content\/uploads\/img_a280919_w2033_t1496931244.jpg","height":0,"width":0},"wordCount":561,"keywords":null},{"@type":"Article","@id":"https:\/\/www.ismc.sk\/reality-show-nie-su-tak-uplne-reality-hlavne-slovo-maju-ich-tvorcovia\/","headline":"Reality show nie s\u00fa tak \u00faplne reality, hlavn\u00e9 slovo maj\u00fa ich tvorcovia","url":"https:\/\/www.ismc.sk\/reality-show-nie-su-tak-uplne-reality-hlavne-slovo-maju-ich-tvorcovia\/","datePublished":"2025-02-28","dateModified":"2025-02-28","mainEntityOfPage":"https:\/\/www.ismc.sk\/reality-show-nie-su-tak-uplne-reality-hlavne-slovo-maju-ich-tvorcovia\/","author":{"@type":"Person","@id":"https:\/\/www.ismc.sk\/author\/#Person","name":"","url":"https:\/\/www.ismc.sk\/author\/","identifier":1,"image":{"@type":"ImageObject","@id":"https:\/\/secure.gravatar.com\/avatar\/40308b9402d145b1dc164f447b6506e9dadca8c8362c3ffb52df95e789c0fd10?s=96&d=mm&r=g","url":"https:\/\/secure.gravatar.com\/avatar\/40308b9402d145b1dc164f447b6506e9dadca8c8362c3ffb52df95e789c0fd10?s=96&d=mm&r=g","height":96,"width":96}},"publisher":{"@type":"Organization","name":"ismc.sk","logo":{"@type":"ImageObject","@id":"\/logo.png","url":"\/logo.png","width":600,"height":60}},"image":{"@type":"ImageObject","@id":"https:\/\/www.ismc.sk\/wp-content\/uploads\/img_a301040_w16564_t1558532440.jpg","url":"https:\/\/www.ismc.sk\/wp-content\/uploads\/img_a301040_w16564_t1558532440.jpg","height":0,"width":0},"wordCount":554,"keywords":null},{"@type":"Article","@id":"https:\/\/www.ismc.sk\/trendy-v-elektronike\/","headline":"Trendy v elektronike","url":"https:\/\/www.ismc.sk\/trendy-v-elektronike\/","datePublished":"2025-02-25","dateModified":"2023-04-28","mainEntityOfPage":"https:\/\/www.ismc.sk\/trendy-v-elektronike\/","author":{"@type":"Person","@id":"https:\/\/www.ismc.sk\/author\/#Person","name":"","url":"https:\/\/www.ismc.sk\/author\/","identifier":1,"image":{"@type":"ImageObject","@id":"https:\/\/secure.gravatar.com\/avatar\/40308b9402d145b1dc164f447b6506e9dadca8c8362c3ffb52df95e789c0fd10?s=96&d=mm&r=g","url":"https:\/\/secure.gravatar.com\/avatar\/40308b9402d145b1dc164f447b6506e9dadca8c8362c3ffb52df95e789c0fd10?s=96&d=mm&r=g","height":96,"width":96}},"publisher":{"@type":"Organization","name":"ismc.sk","logo":{"@type":"ImageObject","@id":"\/logo.png","url":"\/logo.png","width":600,"height":60}},"image":{"@type":"ImageObject","@id":"https:\/\/www.ismc.sk\/wp-content\/uploads\/img_a286145_w16536_t1521729918.jpg","url":"https:\/\/www.ismc.sk\/wp-content\/uploads\/img_a286145_w16536_t1521729918.jpg","height":0,"width":0},"wordCount":481,"keywords":null},{"@type":"Article","@id":"https:\/\/www.ismc.sk\/je-vasa-obyvacka-symbolom-harmonie\/","headline":"Je va\u0161a ob\u00fdva\u010dka symbolom harm\u00f3nie?","url":"https:\/\/www.ismc.sk\/je-vasa-obyvacka-symbolom-harmonie\/","datePublished":"2025-02-24","dateModified":"2025-02-24","mainEntityOfPage":"https:\/\/www.ismc.sk\/je-vasa-obyvacka-symbolom-harmonie\/","author":{"@type":"Person","@id":"https:\/\/www.ismc.sk\/author\/#Person","name":"","url":"https:\/\/www.ismc.sk\/author\/","identifier":1,"image":{"@type":"ImageObject","@id":"https:\/\/secure.gravatar.com\/avatar\/40308b9402d145b1dc164f447b6506e9dadca8c8362c3ffb52df95e789c0fd10?s=96&d=mm&r=g","url":"https:\/\/secure.gravatar.com\/avatar\/40308b9402d145b1dc164f447b6506e9dadca8c8362c3ffb52df95e789c0fd10?s=96&d=mm&r=g","height":96,"width":96}},"publisher":{"@type":"Organization","name":"ismc.sk","logo":{"@type":"ImageObject","@id":"\/logo.png","url":"\/logo.png","width":600,"height":60}},"image":{"@type":"ImageObject","@id":"https:\/\/www.ismc.sk\/wp-content\/uploads\/img_a283814_w2033_t1513702304.jpg","url":"https:\/\/www.ismc.sk\/wp-content\/uploads\/img_a283814_w2033_t1513702304.jpg","height":0,"width":0},"wordCount":524,"keywords":null},{"@type":"Article","@id":"https:\/\/www.ismc.sk\/vyuzite-silu-masaze\/","headline":"Vyu\u017eite silu mas\u00e1\u017ee","url":"https:\/\/www.ismc.sk\/vyuzite-silu-masaze\/","datePublished":"2025-01-10","dateModified":"2025-01-10","mainEntityOfPage":"https:\/\/www.ismc.sk\/vyuzite-silu-masaze\/","author":{"@type":"Person","@id":"https:\/\/www.ismc.sk\/author\/#Person","name":"","url":"https:\/\/www.ismc.sk\/author\/","identifier":1,"image":{"@type":"ImageObject","@id":"https:\/\/secure.gravatar.com\/avatar\/40308b9402d145b1dc164f447b6506e9dadca8c8362c3ffb52df95e789c0fd10?s=96&d=mm&r=g","url":"https:\/\/secure.gravatar.com\/avatar\/40308b9402d145b1dc164f447b6506e9dadca8c8362c3ffb52df95e789c0fd10?s=96&d=mm&r=g","height":96,"width":96}},"publisher":{"@type":"Organization","name":"ismc.sk","logo":{"@type":"ImageObject","@id":"\/logo.png","url":"\/logo.png","width":600,"height":60}},"image":{"@type":"ImageObject","@id":"https:\/\/www.ismc.sk\/wp-content\/uploads\/ai-generated-8930733_640_6.jpg","url":"https:\/\/www.ismc.sk\/wp-content\/uploads\/ai-generated-8930733_640_6.jpg","height":0,"width":0},"wordCount":564,"keywords":null},{"@type":"Article","@id":"https:\/\/www.ismc.sk\/objavte-slovenske-mena-a-ich-skryty-vyznam-dedicstvo-nasej-kultury\/","headline":"Objavte slovensk\u00e9 men\u00e1 a ich skryt\u00fd v\u00fdznam: Dedi\u010dstvo na\u0161ej kult\u00fary","url":"https:\/\/www.ismc.sk\/objavte-slovenske-mena-a-ich-skryty-vyznam-dedicstvo-nasej-kultury\/","datePublished":"2024-11-20","dateModified":"2024-11-20","mainEntityOfPage":"https:\/\/www.ismc.sk\/objavte-slovenske-mena-a-ich-skryty-vyznam-dedicstvo-nasej-kultury\/","author":{"@type":"Person","@id":"https:\/\/www.ismc.sk\/author\/#Person","name":"","url":"https:\/\/www.ismc.sk\/author\/","identifier":1,"image":{"@type":"ImageObject","@id":"https:\/\/secure.gravatar.com\/avatar\/40308b9402d145b1dc164f447b6506e9dadca8c8362c3ffb52df95e789c0fd10?s=96&d=mm&r=g","url":"https:\/\/secure.gravatar.com\/avatar\/40308b9402d145b1dc164f447b6506e9dadca8c8362c3ffb52df95e789c0fd10?s=96&d=mm&r=g","height":96,"width":96}},"publisher":{"@type":"Organization","name":"ismc.sk","logo":{"@type":"ImageObject","@id":"\/logo.png","url":"\/logo.png","width":600,"height":60}},"image":{"@type":"ImageObject","@id":"https:\/\/www.ismc.sk\/wp-content\/uploads\/dite_GVSEqr.jpg","url":"https:\/\/www.ismc.sk\/wp-content\/uploads\/dite_GVSEqr.jpg","height":0,"width":0},"wordCount":1204,"keywords":null},{"@type":"Article","@id":"https:\/\/www.ismc.sk\/predaj-stvorkoliek-pre-deti\/","headline":"Predaj \u0161tvorkoliek pre deti","url":"https:\/\/www.ismc.sk\/predaj-stvorkoliek-pre-deti\/","datePublished":"2024-09-15","dateModified":"2024-09-15","mainEntityOfPage":"https:\/\/www.ismc.sk\/predaj-stvorkoliek-pre-deti\/","author":{"@type":"Person","@id":"https:\/\/www.ismc.sk\/author\/#Person","name":"","url":"https:\/\/www.ismc.sk\/author\/","identifier":1,"image":{"@type":"ImageObject","@id":"https:\/\/secure.gravatar.com\/avatar\/40308b9402d145b1dc164f447b6506e9dadca8c8362c3ffb52df95e789c0fd10?s=96&d=mm&r=g","url":"https:\/\/secure.gravatar.com\/avatar\/40308b9402d145b1dc164f447b6506e9dadca8c8362c3ffb52df95e789c0fd10?s=96&d=mm&r=g","height":96,"width":96}},"publisher":{"@type":"Organization","name":"ismc.sk","logo":{"@type":"ImageObject","@id":"\/logo.png","url":"\/logo.png","width":600,"height":60}},"image":{"@type":"ImageObject","@id":"https:\/\/www.ismc.sk\/wp-content\/uploads\/child-4169841_640_1.jpg","url":"https:\/\/www.ismc.sk\/wp-content\/uploads\/child-4169841_640_1.jpg","height":0,"width":0},"wordCount":491,"keywords":null}]},{"@context":"https:\/\/schema.org","@type":"WebSite","@id":"https:\/\/www.ismc.sk\/#website","name":"Ismc","url":"https:\/\/www.ismc.sk","potentialAction":{"@type":"SearchAction","target":"https:\/\/www.ismc.sk\/?s={search_term_string}","query-input":"required name=search_term_string"}}]