[{"@context":"https:\/\/schema.org\/","@type":"Article","@id":"https:\/\/www.ismc.sk\/chova-sa-strasne\/#Article","mainEntityOfPage":"https:\/\/www.ismc.sk\/chova-sa-strasne\/","headline":"Chov\u00e1 sa strasne","name":"Chov\u00e1 sa strasne","description":"Sme spolu 26 rokov. Za\u010diatky boli \u0165a\u017ek\u00e9 \u010do sa t\u00fdka finan\u010dnej str\u00e1nky. Dlhy. Po\u010das \u017eivota sme sa z toho za...","datePublished":"2023-10-05","dateModified":"2024-01-05","author":{"@type":"Person","@id":"https:\/\/www.ismc.sk\/author\/#Person","name":"","url":"https:\/\/www.ismc.sk\/author\/","identifier":1,"image":{"@type":"ImageObject","@id":"https:\/\/secure.gravatar.com\/avatar\/40308b9402d145b1dc164f447b6506e9dadca8c8362c3ffb52df95e789c0fd10?s=96&d=mm&r=g","url":"https:\/\/secure.gravatar.com\/avatar\/40308b9402d145b1dc164f447b6506e9dadca8c8362c3ffb52df95e789c0fd10?s=96&d=mm&r=g","height":96,"width":96}},"publisher":{"@type":"Organization","name":"ismc.sk","logo":{"@type":"ImageObject","@id":"\/logo.png","url":"\/logo.png","width":600,"height":60}},"image":{"@type":"ImageObject","@id":"https:\/\/www.ismc.sk\/wp-content\/uploads\/couple-560783_1280_10_10.jpg","url":"https:\/\/www.ismc.sk\/wp-content\/uploads\/couple-560783_1280_10_10.jpg","height":0,"width":0},"url":"https:\/\/www.ismc.sk\/chova-sa-strasne\/","about":["Vz\u0165ahy"],"wordCount":406,"articleBody":"Sme spolu 26 rokov. Za\u010diatky boli \u0165a\u017ek\u00e9 \u010do sa t\u00fdka finan\u010dnej str\u00e1nky. Dlhy. Po\u010das \u017eivota sme sa z toho za pomoci rodiny \u00faplne dostali. Man\u017eel norm\u00e1lne pracoval. mnohokr\u00e1t jednoduch\u00e9. Pozn\u00e1te to chcete udr\u017ea\u0165 rodinu za ka\u017ed\u00fa cenu. Bola som v tom \u010dase na materskej. Mam 1 teraz u\u017e dospel\u00fa dc\u00e9ru. Bolo by to na dlh\u00e9 rozpr\u00e1vanie. Ale teraz k tomu podstatn\u00e9mu. Pozorujem u man\u017eela tak\u00fa vec. Po ka\u017edej ke\u010f nem\u00e1 \u010do chce, potrebuje (sex) dok\u00e1\u017ee by\u0165 ku mne neskonale krut\u00fd. (Nie je po ka\u017edej n\u00e1lada, chu\u0165, pr\u00e1ca&#8230;) tak\u017ee aj odmietnem&#8230; N\u00e1sledkom toho u neho za\u010dne smerom ku mne poni\u017eovaniu, kritizovaniu a to na cel\u00fa moju rodinu k m\u00f4jmu otcovi jednoducho na cel\u00fa moju rodinu.Ur\u00e1\u017eky poni\u017eovania, kritika. Nech\u00e1pem jeho spr\u00e1vanie, nikdy tak\u00fd a\u017e tak nebol, tak nech\u00e1pem, \u010do sa d\u011bje. Nap\u00ed\u0161em teraz v\u010deraj\u0161iu situ\u00e1ciu. M\u00f4j otec n\u00e1m v \u017eivote dos\u0165 pomohol. Cca po 3 rokoch k n\u00e1m pri\u0161iel na viano\u010dn\u00fa n\u00e1v\u0161tevu. Pred cca 2 rokmi mu umrela priate\u013eka, ktor\u00fa si na\u0161iel po smrti na\u0161ej mami\u010dky. Zostal na v\u0161etko s\u00e1m aj \u010do sa t\u00fdka financi\u00ed. \u017dije 170 km \u010faleko. Ozn\u00e1mil, mi s jasn\u00fdm ospravedlnen\u00edm, \u017ee bohu\u017eia\u013e n\u00e1m tentoraz nem\u00f4\u017ee ni\u010d k\u00fapi\u0165. Z jedn\u00e9ho d\u00f4chodku to celkom ch\u00e1pem.Nie je na tom zdravotne najlep\u0161ie. Sna\u017eila som sa o neho u n\u00e1s postara\u0165. To znamen\u00e1 jedlo a \u010fal\u0161ie in\u00e9 veci. \u010co pova\u017eujem vzh\u013eadom na vek a zdravie za \u00fapln\u00fa samozrejmos\u0165. A man\u017eel op\u00e4\u0165. Po odchode tatky. Ide si sem ako na hotel. Holke ned\u00e1 ani blbou svie\u010dku. Zar\u00e1\u017ea ma jeho spr\u00e1vanie a ne\u010dakala by som to od neho po to\u013ek\u00fdch rokoch vz\u0165ahu. Zva\u017eujem, \u010di m\u00e1m od neho od\u00eds\u0165 alebo sa to v\u0161etko sprav\u00ed. Sama si v\u00f4bec neviem rady, neviem, ak\u00fd krok m\u00e1m urobi\u0165 \u010falej. Pr\u00edde mi, \u017ee jeho neoh\u013eadupln\u00e9 spr\u00e1vanie sa viac a viac stup\u0148uje a neuvedomuje si to. Hovorila som s n\u00edm o tom, ale o\u010dividne je mu to \u00faplne jedno, preto\u017ee sa tak spr\u00e1va veselo \u010falej. Jedin\u00e9 rie\u0161enie je asi rozchod.                                                                                                                                                                                                                                                                                                                                                                                        4.2\/5 - (12 votes)        "},{"@context":"https:\/\/schema.org\/","@type":"BreadcrumbList","itemListElement":[{"@type":"ListItem","position":1,"name":"Chov\u00e1 sa strasne","item":"https:\/\/www.ismc.sk\/chova-sa-strasne\/#breadcrumbitem"}]}]