[{"@context":"https:\/\/schema.org\/","@type":"Article","@id":"https:\/\/www.ismc.sk\/je-vasa-obyvacka-symbolom-harmonie\/#Article","mainEntityOfPage":"https:\/\/www.ismc.sk\/je-vasa-obyvacka-symbolom-harmonie\/","headline":"Je va\u0161a ob\u00fdva\u010dka symbolom harm\u00f3nie?","name":"Je va\u0161a ob\u00fdva\u010dka symbolom harm\u00f3nie?","description":"Ka\u017ed\u00fd m\u00e1 in\u00fd n\u00e1zor na to, ktor\u00e1 miestnos\u0165 v\u00a0dome je t\u00e1 najd\u00f4le\u017eitej\u0161ia. Pre \u017eenu to \u010dasto b\u00fdva k\u00fape\u013e\u0148a, kuchy\u0148a alebo...","datePublished":"2025-02-24","dateModified":"2025-02-24","author":{"@type":"Person","@id":"https:\/\/www.ismc.sk\/author\/#Person","name":"","url":"https:\/\/www.ismc.sk\/author\/","identifier":1,"image":{"@type":"ImageObject","@id":"https:\/\/secure.gravatar.com\/avatar\/40308b9402d145b1dc164f447b6506e9dadca8c8362c3ffb52df95e789c0fd10?s=96&d=mm&r=g","url":"https:\/\/secure.gravatar.com\/avatar\/40308b9402d145b1dc164f447b6506e9dadca8c8362c3ffb52df95e789c0fd10?s=96&d=mm&r=g","height":96,"width":96}},"publisher":{"@type":"Organization","name":"ismc.sk","logo":{"@type":"ImageObject","@id":"\/logo.png","url":"\/logo.png","width":600,"height":60}},"image":{"@type":"ImageObject","@id":"https:\/\/www.ismc.sk\/wp-content\/uploads\/img_a283814_w2033_t1513702304.jpg","url":"https:\/\/www.ismc.sk\/wp-content\/uploads\/img_a283814_w2033_t1513702304.jpg","height":0,"width":0},"url":"https:\/\/www.ismc.sk\/je-vasa-obyvacka-symbolom-harmonie\/","wordCount":442,"articleBody":"Ka\u017ed\u00fd m\u00e1 in\u00fd n\u00e1zor na to, ktor\u00e1 miestnos\u0165 v\u00a0dome je t\u00e1 najd\u00f4le\u017eitej\u0161ia. Pre \u017eenu to \u010dasto b\u00fdva k\u00fape\u013e\u0148a, kuchy\u0148a alebo sp\u00e1l\u0148a. Pre chlapa to v\u00e4\u010d\u0161inou b\u00fdva jed\u00e1le\u0148 a\u00a0ob\u00fdva\u010dka. Je jasn\u00e9, \u017ee ka\u017ed\u00e1 miestnos\u0165 v\u00a0dome je d\u00f4le\u017eit\u00e1. Ke\u010f si v\u0161ak skuto\u010dne zoberieme t\u00fa najspolo\u010denskej\u0161iu \u010das\u0165 v\u00a0dome, je to jednozna\u010dne ob\u00fdva\u010dka. A\u00a0pr\u00e1ve v\u00a0nej by sa mal ka\u017ed\u00fd \u010dlovek, ktor\u00fd ku v\u00e1m zav\u00edta, c\u00edti\u0165 dobre. Tak\u017ee je jasn\u00e9, \u017ee by ste sa mali zamera\u0165 pr\u00e1ve na \u0148u. Teda, pokia\u013e chcete, aby sa va\u0161a n\u00e1v\u0161teva u\u00a0v\u00e1s st\u00e1le c\u00edtila dobre.1.\u00a0\u00a0\u00a0\u00a0\u00a0\u00a0 Vo\u013ete pr\u00edjemn\u00e9 farby. Aj ke\u010f je teraz skuto\u010dne modern\u00e9, aby ste mali doma ve\u013emi ve\u013ea in\u00fdch vec\u00ed, ktor\u00e9 s\u00fa proste nie\u010d\u00edm in\u00e9 a\u00a0v\u00fdnimo\u010dn\u00e9, verte tomu, \u017ee \u013eudia sa bud\u00fa ove\u013ea lep\u0161ie c\u00edti\u0165 v\u00a0miestnosti, ktor\u00e1 m\u00e1 pr\u00edjemn\u00fa farbu stien a\u00a0tapiet a\u00a0v\u00f4bec celkovo aj n\u00e1bytku nav\u00f4kol. Mali by ste na to myslie\u0165, preto\u017ee nielen, \u017ee \u013eudia, ktor\u00ed pr\u00eddu na n\u00e1v\u0161tevu sa bud\u00fa c\u00edti\u0165 dobre, ale aj vy. A\u00a0to je ur\u010dite nie\u010do, \u010do zav\u00e1\u017ei, nem\u00e1me pravdu?2.\u00a0\u00a0\u00a0\u00a0\u00a0\u00a0 Nezapl\u0148ujte va\u0161u ob\u00fdva\u010dku zbyto\u010dnos\u0165ami. Je jasn\u00e9, \u017ee m\u00e1te okolo seba ve\u013emi ve\u013ea vec\u00ed, ktor\u00e9 maj\u00fa sentiment\u00e1lnu hodnotu, no va\u0161i hostia sa m\u00f4\u017eu c\u00edti\u0165 stiesnene, ak bud\u00fa obklopen\u00ed mno\u017estvom vec\u00ed. Tak\u017ee si rozmyslite, \u010do je pre v\u00e1s najlep\u0161ie. Ur\u010dite to nie s\u00fa lapa\u010de prachu, ktor\u00fdmi ste obklopen\u00fd.3.\u00a0\u00a0\u00a0\u00a0\u00a0\u00a0 Navo\u010fte atmosf\u00e9ru domova. Nemus\u00ed sa u\u00a0v\u00e1s ka\u017ed\u00fd c\u00edti\u0165 ako na n\u00e1v\u0161teve, hlavne, ke\u010f im d\u00e1te poc\u00edti\u0165, \u017ee sa u\u00a0v\u00e1s m\u00f4\u017eu c\u00edti\u0165 ako doma. Nie je to tak\u00e9 \u0165a\u017ek\u00e9, ako sa na prv\u00fd poh\u013ead zd\u00e1, nemus\u00edte sa ob\u00e1va\u0165. Chce to len v\u00f4\u013eu a\u00a0t\u00fa ur\u010dite m\u00e1te.Verte tomu, \u017ee aj ob\u00fdva\u010dka m\u00f4\u017ee by\u0165 miestnos\u0165ou, ktor\u00e1 vy\u017earuje pokoj a\u00a0pohodu. Z\u00e1le\u017e\u00ed len na v\u00e1s a\u00a0na va\u0161om postoji. Na druhej strane, ak nechcete ma\u0165 \u017eiadne n\u00e1v\u0161tevy, tak je jasn\u00e9, \u017ee najlep\u0161ie, \u010do urob\u00edte, m\u00f4\u017ee by\u0165 len to, ke\u010f z\u00a0ob\u00fdva\u010dky urob\u00edte tmav\u00fa miestnos\u0165 zapratan\u00fa vecami. Mo\u017eno, \u017ee vlastne doma n\u00e1v\u0161tevy ani nechcete.                                                                                                                                                                                                                                                                                                                                                                                        5\/5 - (2 votes)        "},{"@context":"https:\/\/schema.org\/","@type":"BreadcrumbList","itemListElement":[{"@type":"ListItem","position":1,"name":"Je va\u0161a ob\u00fdva\u010dka symbolom harm\u00f3nie?","item":"https:\/\/www.ismc.sk\/je-vasa-obyvacka-symbolom-harmonie\/#breadcrumbitem"}]}]